{"id":11101,"date":"2020-04-01T09:26:27","date_gmt":"2020-04-01T08:26:27","guid":{"rendered":"https:\/\/futurehealthbiobank.com\/pt\/?p=11101"},"modified":"2020-04-01T09:26:27","modified_gmt":"2020-04-01T08:26:27","slug":"celulas-estaminais-do-cordao-umbilical-da-propria-crianca-ajudam-a-tratar-autismo","status":"publish","type":"post","link":"https:\/\/futurehealthbiobank.com\/pt\/noticias\/celulas-estaminais-do-cordao-umbilical-da-propria-crianca-ajudam-a-tratar-autismo\/","title":{"rendered":"C\u00e9lulas estaminais do cord\u00e3o umbilical da pr\u00f3pria crian\u00e7a ajudam a tratar autismo"},"content":{"rendered":"<h3>Quando Maxim e a sua irm\u00e3 g\u00e9mea nasceram h\u00e1 sete anos na Ucr\u00e2nia, a sua m\u00e3e, Olga, decidiu armazenar as c\u00e9lulas estaminais do cord\u00e3o umbilical. Embora, ao in\u00edcio, os g\u00e9meos parecessem saud\u00e1veis, bastaram alguns meses para que Maxime come\u00e7asse a comer e dormir mal.<\/h3>\n<p><!--more--><\/p>\n<p>Ap\u00f3s ter sido diagnosticado, aos tr\u00eas anos, com intoler\u00e2ncia \u00e0 lactose, os m\u00e9dicos continuaram a seguir Maxim e descobriram que sofria de autismo e exibia outras condi\u00e7\u00f5es.<\/p>\n<blockquote><p>Ap\u00f3s uma bateria de exames, os m\u00e9dicos fizeram um diagn\u00f3stico preliminar: dist\u00farbio do espectro do autismo. Posteriormente, foram ainda identificadas como doen\u00e7as prov\u00e1veis, disartria, alalia, ecolalia e comprometimento cognitivo, ou seja, doen\u00e7as associadas ao comprometimento das fun\u00e7\u00f5es mentais superiores. \u00c9 claro que \u00e9 dif\u00edcil tratar uma crian\u00e7a sem um diagn\u00f3stico espec\u00edfico, mas segui todas as instru\u00e7\u00f5es dos m\u00e9dicos.<\/p><\/blockquote>\n<p><cite>Olga, m\u00e3e de Maxim<\/cite><\/p>\n<p>Na esperan\u00e7a de melhorar sua condi\u00e7\u00e3o, Maxim passou por v\u00e1rios tratamentos e terapias medicamentosas &#8211; nenhuma delas eficaz. Foi ent\u00e3o que os pais de Maxim decidiram tentar usar as suas c\u00e9lulas estaminais do cord\u00e3o umbilical, que tinham sido armazenadas no nascimento dos g\u00e9meos.<\/p>\n<p>N\u00e3o demorou muito at\u00e9 que Maxim fosse transferido para um hospital na Ucr\u00e2nia para ser submetido a um tratamento com c\u00e9lulas estaminais do sangue do cord\u00e3o umbilical. Desta vez, o tratamento foi um sucesso. Maxim come\u00e7ou a focar os olhos, a ouvir e focar outras pessoas a falar, e a tentar responder. Ele at\u00e9 come\u00e7ou a gostar de colorir e aprender o alfabeto.<\/p>\n<p>Ap\u00f3s um segundo tratamento, mais recentemente, com a amostra de sangue do cord\u00e3o umbilical da irm\u00e3, Maxim demostrou melhoras ainda mais significativas, come\u00e7ou inclusive a ir \u00e0 escola.<\/p>\n<blockquote><p>Tinha medo de ficar assim para sempre &#8211; ser m\u00e3e e n\u00e3o m\u00e3e ao mesmo tempo &#8230; E agora tenho a certeza de que somos capazes de superar todas as dificuldades! E nossa fam\u00edlia ser\u00e1 feliz! Se pudesse, gritaria dos telhados que as c\u00e9lulas estaminais fazem maravilhas!<\/p><\/blockquote>\n<p><cite>&#8211; Olga<\/cite><\/p>\n<p>Embora seja estimado que 1 em cada 100 pessoas no Reino Unido sofra de espectro do autista, existem apenas cerca de 4.000 diagn\u00f3sticos na Ucr\u00e2nia. Espera-se que avan\u00e7os m\u00e9dicos, como a terapia com c\u00e9lulas estaminais, possam abrir a possibilidade de mais diagn\u00f3sticos e tratamentos de autismo na Ucr\u00e2nia e em todo o mundo.<\/p>\n<p>Refer\u00eancias:<br \/>\n<a href=\"https:\/\/parentsguidecordblood.org\/en\/news\/maksims-cord-blood-therapy-autism\"><strong>parentsguidecordblood.org\/<\/strong><\/a><\/p>\n<div class=\"helpful-block-content wth-theme-thumbs\" data-title=\"\">\n<ul>\n<li><span class=\"wth-title\">Isto foi \u00fatil?<\/span><\/li>\n<li><a data-post=\"11101\" data-post-url=\"https:\/\/futurehealthbiobank.com\/pt\/noticias\/celulas-estaminais-do-cordao-umbilical-da-propria-crianca-ajudam-a-tratar-autismo\/\" data-post-title=\"C\u00e9lulas estaminais do cord\u00e3o umbilical da pr\u00f3pria crian\u00e7a ajudam a tratar autismo\" data-response=\"1\" href=\"#\" class=\"wth-green-btn icon-thumbs-o-up icon1-thumbs-o-up\">Sim<\/a><a data-response=\"0\" data-post=\"11101\" data-post-url=\"https:\/\/futurehealthbiobank.com\/pt\/noticias\/celulas-estaminais-do-cordao-umbilical-da-propria-crianca-ajudam-a-tratar-autismo\/\" data-post-title=\"C\u00e9lulas estaminais do cord\u00e3o umbilical da pr\u00f3pria crian\u00e7a ajudam a tratar autismo\" href=\"#\" class=\"wth-red-btn icon-thumbs-o-down icon1-thumbs-o-down\">N\u00e3o<\/a><\/li>\n<\/ul>\n<\/div>","protected":false},"excerpt":{"rendered":"<p>Quando Maxim e a sua irm\u00e3 g\u00e9mea nasceram h\u00e1 sete anos na Ucr\u00e2nia, a sua m\u00e3e, Olga, decidiu armazenar as c\u00e9lulas estaminais do cord\u00e3o umbilical. Embora, ao in\u00edcio, os g\u00e9meos parecessem saud\u00e1veis, bastaram alguns meses para que Maxime come\u00e7asse a comer e dormir mal. Isto foi \u00fatil? SimN\u00e3o<\/p>\n","protected":false},"author":25,"featured_media":0,"comment_status":"open","ping_status":"open","sticky":false,"template":"","format":"standard","meta":{"_acf_changed":false,"footnotes":""},"categories":[21],"tags":[],"class_list":["post-11101","post","type-post","status-publish","format-standard","hentry","category-noticias-sobre-celulas-estaminais"],"acf":[],"yoast_head":"<!-- This site is optimized with the Yoast SEO Premium plugin v26.7 (Yoast SEO v26.7) - https:\/\/yoast.com\/wordpress\/plugins\/seo\/ -->\n<title>C\u00e9lulas estaminais do cord\u00e3o umbilical da pr\u00f3pria crian\u00e7a ajudam a tratar autismo | Future Health Biobank<\/title>\n<meta name=\"description\" content=\"Quando Maxim e a sua irm\u00e3 g\u00e9mea nasceram h\u00e1 sete anos na Ucr\u00e2nia, a sua m\u00e3e, Olga, decidiu armazenar as c\u00e9lulas estaminais do cord\u00e3o umbilical. Embora, ao in\u00edcio, os g\u00e9meos parecessem saud\u00e1veis, bastaram alguns meses para que Maxime come\u00e7asse a comer e dormir mal.\" \/>\n<meta name=\"robots\" content=\"index, follow, max-snippet:-1, max-image-preview:large, max-video-preview:-1\" \/>\n<link rel=\"canonical\" href=\"https:\/\/futurehealthbiobank.com\/pt\/noticias\/celulas-estaminais-do-cordao-umbilical-da-propria-crianca-ajudam-a-tratar-autismo\/\" \/>\n<meta property=\"og:locale\" content=\"pt_PT\" \/>\n<meta property=\"og:type\" content=\"article\" \/>\n<meta property=\"og:title\" content=\"C\u00e9lulas estaminais do cord\u00e3o umbilical da pr\u00f3pria crian\u00e7a ajudam a tratar autismo\" \/>\n<meta property=\"og:description\" content=\"Quando Maxim e a sua irm\u00e3 g\u00e9mea nasceram h\u00e1 sete anos na Ucr\u00e2nia, a sua m\u00e3e, Olga, decidiu armazenar as c\u00e9lulas estaminais do cord\u00e3o umbilical. Embora, ao\" \/>\n<meta property=\"og:url\" content=\"https:\/\/futurehealthbiobank.com\/pt\/noticias\/celulas-estaminais-do-cordao-umbilical-da-propria-crianca-ajudam-a-tratar-autismo\/\" \/>\n<meta property=\"og:site_name\" content=\"Future Health Biobank Portugal\" \/>\n<meta property=\"article:published_time\" content=\"2020-04-01T08:26:27+00:00\" \/>\n<meta name=\"author\" content=\"jwhybrow\" \/>\n<meta name=\"twitter:card\" content=\"summary_large_image\" \/>\n<meta name=\"twitter:label1\" content=\"Escrito por\" \/>\n\t<meta name=\"twitter:data1\" content=\"jwhybrow\" \/>\n\t<meta name=\"twitter:label2\" content=\"Tempo estimado de leitura\" \/>\n\t<meta name=\"twitter:data2\" content=\"2 minutos\" \/>\n<script type=\"application\/ld+json\" class=\"yoast-schema-graph\">{\"@context\":\"https:\/\/schema.org\",\"@graph\":[{\"@type\":\"Article\",\"@id\":\"https:\/\/futurehealthbiobank.com\/pt\/noticias\/celulas-estaminais-do-cordao-umbilical-da-propria-crianca-ajudam-a-tratar-autismo\/#article\",\"isPartOf\":{\"@id\":\"https:\/\/futurehealthbiobank.com\/pt\/noticias\/celulas-estaminais-do-cordao-umbilical-da-propria-crianca-ajudam-a-tratar-autismo\/\"},\"author\":{\"name\":\"jwhybrow\",\"@id\":\"https:\/\/futurehealthbiobank.com\/pt\/#\/schema\/person\/7232eecb00f5f56f8f268c5ff3db6719\"},\"headline\":\"C\u00e9lulas estaminais do cord\u00e3o umbilical da pr\u00f3pria crian\u00e7a ajudam a tratar autismo\",\"datePublished\":\"2020-04-01T08:26:27+00:00\",\"mainEntityOfPage\":{\"@id\":\"https:\/\/futurehealthbiobank.com\/pt\/noticias\/celulas-estaminais-do-cordao-umbilical-da-propria-crianca-ajudam-a-tratar-autismo\/\"},\"wordCount\":438,\"commentCount\":0,\"publisher\":{\"@id\":\"https:\/\/futurehealthbiobank.com\/pt\/#organization\"},\"articleSection\":[\"Not\u00edcias sobre c\u00e9lulas estaminais\"],\"inLanguage\":\"pt-PT\",\"potentialAction\":[{\"@type\":\"CommentAction\",\"name\":\"Comment\",\"target\":[\"https:\/\/futurehealthbiobank.com\/pt\/noticias\/celulas-estaminais-do-cordao-umbilical-da-propria-crianca-ajudam-a-tratar-autismo\/#respond\"]}]},{\"@type\":\"WebPage\",\"@id\":\"https:\/\/futurehealthbiobank.com\/pt\/noticias\/celulas-estaminais-do-cordao-umbilical-da-propria-crianca-ajudam-a-tratar-autismo\/\",\"url\":\"https:\/\/futurehealthbiobank.com\/pt\/noticias\/celulas-estaminais-do-cordao-umbilical-da-propria-crianca-ajudam-a-tratar-autismo\/\",\"name\":\"C\u00e9lulas estaminais do cord\u00e3o umbilical da pr\u00f3pria crian\u00e7a ajudam a tratar autismo | Future Health Biobank\",\"isPartOf\":{\"@id\":\"https:\/\/futurehealthbiobank.com\/pt\/#website\"},\"datePublished\":\"2020-04-01T08:26:27+00:00\",\"description\":\"Quando Maxim e a sua irm\u00e3 g\u00e9mea nasceram h\u00e1 sete anos na Ucr\u00e2nia, a sua m\u00e3e, Olga, decidiu armazenar as c\u00e9lulas estaminais do cord\u00e3o umbilical. Embora, ao in\u00edcio, os g\u00e9meos parecessem saud\u00e1veis, bastaram alguns meses para que Maxime come\u00e7asse a comer e dormir mal.\",\"breadcrumb\":{\"@id\":\"https:\/\/futurehealthbiobank.com\/pt\/noticias\/celulas-estaminais-do-cordao-umbilical-da-propria-crianca-ajudam-a-tratar-autismo\/#breadcrumb\"},\"inLanguage\":\"pt-PT\",\"potentialAction\":[{\"@type\":\"ReadAction\",\"target\":[\"https:\/\/futurehealthbiobank.com\/pt\/noticias\/celulas-estaminais-do-cordao-umbilical-da-propria-crianca-ajudam-a-tratar-autismo\/\"]}]},{\"@type\":\"BreadcrumbList\",\"@id\":\"https:\/\/futurehealthbiobank.com\/pt\/noticias\/celulas-estaminais-do-cordao-umbilical-da-propria-crianca-ajudam-a-tratar-autismo\/#breadcrumb\",\"itemListElement\":[{\"@type\":\"ListItem\",\"position\":1,\"name\":\"In\u00edcio\",\"item\":\"https:\/\/futurehealthbiobank.com\/pt\/\"},{\"@type\":\"ListItem\",\"position\":2,\"name\":\"C\u00e9lulas estaminais do cord\u00e3o umbilical da pr\u00f3pria crian\u00e7a ajudam a tratar autismo\"}]},{\"@type\":\"WebSite\",\"@id\":\"https:\/\/futurehealthbiobank.com\/pt\/#website\",\"url\":\"https:\/\/futurehealthbiobank.com\/pt\/\",\"name\":\"Future Health Biobank Portugal\",\"description\":\"\",\"publisher\":{\"@id\":\"https:\/\/futurehealthbiobank.com\/pt\/#organization\"},\"potentialAction\":[{\"@type\":\"SearchAction\",\"target\":{\"@type\":\"EntryPoint\",\"urlTemplate\":\"https:\/\/futurehealthbiobank.com\/pt\/?s={search_term_string}\"},\"query-input\":{\"@type\":\"PropertyValueSpecification\",\"valueRequired\":true,\"valueName\":\"search_term_string\"}}],\"inLanguage\":\"pt-PT\"},{\"@type\":\"Organization\",\"@id\":\"https:\/\/futurehealthbiobank.com\/pt\/#organization\",\"name\":\"Future Health Biobank\",\"url\":\"https:\/\/futurehealthbiobank.com\/pt\/\",\"logo\":{\"@type\":\"ImageObject\",\"inLanguage\":\"pt-PT\",\"@id\":\"https:\/\/futurehealthbiobank.com\/pt\/#\/schema\/logo\/image\/\",\"url\":\"https:\/\/futurehealthbiobank.com\/pt\/wp-content\/uploads\/sites\/10\/2016\/05\/future-health-biobank.svg\",\"contentUrl\":\"https:\/\/futurehealthbiobank.com\/pt\/wp-content\/uploads\/sites\/10\/2016\/05\/future-health-biobank.svg\",\"width\":1,\"height\":1,\"caption\":\"Future Health Biobank\"},\"image\":{\"@id\":\"https:\/\/futurehealthbiobank.com\/pt\/#\/schema\/logo\/image\/\"}},{\"@type\":\"Person\",\"@id\":\"https:\/\/futurehealthbiobank.com\/pt\/#\/schema\/person\/7232eecb00f5f56f8f268c5ff3db6719\",\"name\":\"jwhybrow\",\"image\":{\"@type\":\"ImageObject\",\"inLanguage\":\"pt-PT\",\"@id\":\"https:\/\/futurehealthbiobank.com\/pt\/#\/schema\/person\/image\/\",\"url\":\"https:\/\/secure.gravatar.com\/avatar\/c9af53d69103cbfe6f956d3ca06fe15f77fe26760b48a18012d4a05637201dad?s=96&d=mm&r=g\",\"contentUrl\":\"https:\/\/secure.gravatar.com\/avatar\/c9af53d69103cbfe6f956d3ca06fe15f77fe26760b48a18012d4a05637201dad?s=96&d=mm&r=g\",\"caption\":\"jwhybrow\"},\"url\":\"https:\/\/futurehealthbiobank.com\/pt\/noticias\/author\/jwhybrow\/\"}]}<\/script>\n<!-- \/ Yoast SEO Premium plugin. -->","yoast_head_json":{"title":"C\u00e9lulas estaminais do cord\u00e3o umbilical da pr\u00f3pria crian\u00e7a ajudam a tratar autismo | Future Health Biobank","description":"Quando Maxim e a sua irm\u00e3 g\u00e9mea nasceram h\u00e1 sete anos na Ucr\u00e2nia, a sua m\u00e3e, Olga, decidiu armazenar as c\u00e9lulas estaminais do cord\u00e3o umbilical. Embora, ao in\u00edcio, os g\u00e9meos parecessem saud\u00e1veis, bastaram alguns meses para que Maxime come\u00e7asse a comer e dormir mal.","robots":{"index":"index","follow":"follow","max-snippet":"max-snippet:-1","max-image-preview":"max-image-preview:large","max-video-preview":"max-video-preview:-1"},"canonical":"https:\/\/futurehealthbiobank.com\/pt\/noticias\/celulas-estaminais-do-cordao-umbilical-da-propria-crianca-ajudam-a-tratar-autismo\/","og_locale":"pt_PT","og_type":"article","og_title":"C\u00e9lulas estaminais do cord\u00e3o umbilical da pr\u00f3pria crian\u00e7a ajudam a tratar autismo","og_description":"Quando Maxim e a sua irm\u00e3 g\u00e9mea nasceram h\u00e1 sete anos na Ucr\u00e2nia, a sua m\u00e3e, Olga, decidiu armazenar as c\u00e9lulas estaminais do cord\u00e3o umbilical. Embora, ao","og_url":"https:\/\/futurehealthbiobank.com\/pt\/noticias\/celulas-estaminais-do-cordao-umbilical-da-propria-crianca-ajudam-a-tratar-autismo\/","og_site_name":"Future Health Biobank Portugal","article_published_time":"2020-04-01T08:26:27+00:00","author":"jwhybrow","twitter_card":"summary_large_image","twitter_misc":{"Escrito por":"jwhybrow","Tempo estimado de leitura":"2 minutos"},"schema":{"@context":"https:\/\/schema.org","@graph":[{"@type":"Article","@id":"https:\/\/futurehealthbiobank.com\/pt\/noticias\/celulas-estaminais-do-cordao-umbilical-da-propria-crianca-ajudam-a-tratar-autismo\/#article","isPartOf":{"@id":"https:\/\/futurehealthbiobank.com\/pt\/noticias\/celulas-estaminais-do-cordao-umbilical-da-propria-crianca-ajudam-a-tratar-autismo\/"},"author":{"name":"jwhybrow","@id":"https:\/\/futurehealthbiobank.com\/pt\/#\/schema\/person\/7232eecb00f5f56f8f268c5ff3db6719"},"headline":"C\u00e9lulas estaminais do cord\u00e3o umbilical da pr\u00f3pria crian\u00e7a ajudam a tratar autismo","datePublished":"2020-04-01T08:26:27+00:00","mainEntityOfPage":{"@id":"https:\/\/futurehealthbiobank.com\/pt\/noticias\/celulas-estaminais-do-cordao-umbilical-da-propria-crianca-ajudam-a-tratar-autismo\/"},"wordCount":438,"commentCount":0,"publisher":{"@id":"https:\/\/futurehealthbiobank.com\/pt\/#organization"},"articleSection":["Not\u00edcias sobre c\u00e9lulas estaminais"],"inLanguage":"pt-PT","potentialAction":[{"@type":"CommentAction","name":"Comment","target":["https:\/\/futurehealthbiobank.com\/pt\/noticias\/celulas-estaminais-do-cordao-umbilical-da-propria-crianca-ajudam-a-tratar-autismo\/#respond"]}]},{"@type":"WebPage","@id":"https:\/\/futurehealthbiobank.com\/pt\/noticias\/celulas-estaminais-do-cordao-umbilical-da-propria-crianca-ajudam-a-tratar-autismo\/","url":"https:\/\/futurehealthbiobank.com\/pt\/noticias\/celulas-estaminais-do-cordao-umbilical-da-propria-crianca-ajudam-a-tratar-autismo\/","name":"C\u00e9lulas estaminais do cord\u00e3o umbilical da pr\u00f3pria crian\u00e7a ajudam a tratar autismo | Future Health Biobank","isPartOf":{"@id":"https:\/\/futurehealthbiobank.com\/pt\/#website"},"datePublished":"2020-04-01T08:26:27+00:00","description":"Quando Maxim e a sua irm\u00e3 g\u00e9mea nasceram h\u00e1 sete anos na Ucr\u00e2nia, a sua m\u00e3e, Olga, decidiu armazenar as c\u00e9lulas estaminais do cord\u00e3o umbilical. Embora, ao in\u00edcio, os g\u00e9meos parecessem saud\u00e1veis, bastaram alguns meses para que Maxime come\u00e7asse a comer e dormir mal.","breadcrumb":{"@id":"https:\/\/futurehealthbiobank.com\/pt\/noticias\/celulas-estaminais-do-cordao-umbilical-da-propria-crianca-ajudam-a-tratar-autismo\/#breadcrumb"},"inLanguage":"pt-PT","potentialAction":[{"@type":"ReadAction","target":["https:\/\/futurehealthbiobank.com\/pt\/noticias\/celulas-estaminais-do-cordao-umbilical-da-propria-crianca-ajudam-a-tratar-autismo\/"]}]},{"@type":"BreadcrumbList","@id":"https:\/\/futurehealthbiobank.com\/pt\/noticias\/celulas-estaminais-do-cordao-umbilical-da-propria-crianca-ajudam-a-tratar-autismo\/#breadcrumb","itemListElement":[{"@type":"ListItem","position":1,"name":"In\u00edcio","item":"https:\/\/futurehealthbiobank.com\/pt\/"},{"@type":"ListItem","position":2,"name":"C\u00e9lulas estaminais do cord\u00e3o umbilical da pr\u00f3pria crian\u00e7a ajudam a tratar autismo"}]},{"@type":"WebSite","@id":"https:\/\/futurehealthbiobank.com\/pt\/#website","url":"https:\/\/futurehealthbiobank.com\/pt\/","name":"Future Health Biobank Portugal","description":"","publisher":{"@id":"https:\/\/futurehealthbiobank.com\/pt\/#organization"},"potentialAction":[{"@type":"SearchAction","target":{"@type":"EntryPoint","urlTemplate":"https:\/\/futurehealthbiobank.com\/pt\/?s={search_term_string}"},"query-input":{"@type":"PropertyValueSpecification","valueRequired":true,"valueName":"search_term_string"}}],"inLanguage":"pt-PT"},{"@type":"Organization","@id":"https:\/\/futurehealthbiobank.com\/pt\/#organization","name":"Future Health Biobank","url":"https:\/\/futurehealthbiobank.com\/pt\/","logo":{"@type":"ImageObject","inLanguage":"pt-PT","@id":"https:\/\/futurehealthbiobank.com\/pt\/#\/schema\/logo\/image\/","url":"https:\/\/futurehealthbiobank.com\/pt\/wp-content\/uploads\/sites\/10\/2016\/05\/future-health-biobank.svg","contentUrl":"https:\/\/futurehealthbiobank.com\/pt\/wp-content\/uploads\/sites\/10\/2016\/05\/future-health-biobank.svg","width":1,"height":1,"caption":"Future Health Biobank"},"image":{"@id":"https:\/\/futurehealthbiobank.com\/pt\/#\/schema\/logo\/image\/"}},{"@type":"Person","@id":"https:\/\/futurehealthbiobank.com\/pt\/#\/schema\/person\/7232eecb00f5f56f8f268c5ff3db6719","name":"jwhybrow","image":{"@type":"ImageObject","inLanguage":"pt-PT","@id":"https:\/\/futurehealthbiobank.com\/pt\/#\/schema\/person\/image\/","url":"https:\/\/secure.gravatar.com\/avatar\/c9af53d69103cbfe6f956d3ca06fe15f77fe26760b48a18012d4a05637201dad?s=96&d=mm&r=g","contentUrl":"https:\/\/secure.gravatar.com\/avatar\/c9af53d69103cbfe6f956d3ca06fe15f77fe26760b48a18012d4a05637201dad?s=96&d=mm&r=g","caption":"jwhybrow"},"url":"https:\/\/futurehealthbiobank.com\/pt\/noticias\/author\/jwhybrow\/"}]}},"_links":{"self":[{"href":"https:\/\/futurehealthbiobank.com\/pt\/wp-json\/wp\/v2\/posts\/11101","targetHints":{"allow":["GET"]}}],"collection":[{"href":"https:\/\/futurehealthbiobank.com\/pt\/wp-json\/wp\/v2\/posts"}],"about":[{"href":"https:\/\/futurehealthbiobank.com\/pt\/wp-json\/wp\/v2\/types\/post"}],"author":[{"embeddable":true,"href":"https:\/\/futurehealthbiobank.com\/pt\/wp-json\/wp\/v2\/users\/25"}],"replies":[{"embeddable":true,"href":"https:\/\/futurehealthbiobank.com\/pt\/wp-json\/wp\/v2\/comments?post=11101"}],"version-history":[{"count":0,"href":"https:\/\/futurehealthbiobank.com\/pt\/wp-json\/wp\/v2\/posts\/11101\/revisions"}],"wp:attachment":[{"href":"https:\/\/futurehealthbiobank.com\/pt\/wp-json\/wp\/v2\/media?parent=11101"}],"wp:term":[{"taxonomy":"category","embeddable":true,"href":"https:\/\/futurehealthbiobank.com\/pt\/wp-json\/wp\/v2\/categories?post=11101"},{"taxonomy":"post_tag","embeddable":true,"href":"https:\/\/futurehealthbiobank.com\/pt\/wp-json\/wp\/v2\/tags?post=11101"}],"curies":[{"name":"wp","href":"https:\/\/api.w.org\/{rel}","templated":true}]}}